{"id":449,"date":"2021-02-03T10:03:21","date_gmt":"2021-02-03T10:03:21","guid":{"rendered":"https:\/\/www.otticamalalan.it\/2021\/02\/03\/otroska-ocala-na-kaj-moramo-biti-previdni\/"},"modified":"2021-04-16T14:28:09","modified_gmt":"2021-04-16T14:28:09","slug":"otroska-ocala-na-kaj-moramo-biti-previdni","status":"publish","type":"post","link":"https:\/\/www.otticamalalan.it\/it\/2021\/02\/03\/otroska-ocala-na-kaj-moramo-biti-previdni\/","title":{"rendered":"Occhiali da bambino- A cosa dobbiamo stare attenti?"},"content":{"rendered":"<p>Arriva alle volte il momento per iniziare a portare gli occhiali; e quando questo accade in giovane et\u00e0 le esigenze sono diverse rispetto all\u2019et\u00e0 adulta.<\/p>\n<p>Gli occhiali per bambini richiedono delle caratteristiche particolari, sia estetiche che funzionali, con materiali che si prestino anche ai momenti di gioco e divertimento. Inoltre \u00e8 fondamentale poich\u00e9 parte integrante del processo di accettazione del loro difetto visivo.<\/p>\n<p>E\u2019 pertanto molto importante coinvolgere attivamente il bambino nella scelta della montatura e del colore degli occhiali da vista, per evitare che li viva come imposizione: pi\u00f9 sar\u00e0 contento dei suoi nuovi occhiali, pi\u00f9 si sentir\u00e0 a suo agio nell\u2019indossarli regolarmente!<\/p>\n<p>Alcuni passaggi sono fondamentali per garantire che gli occhiali siano adeguati:<\/p>\n<p>&#8211; La montatura non deve essere troppo grande, per assicurare un centraggio ottimale delle lenti. Detto ci\u00f2, l occhiale non deve essere nemmeno troppo piccolo, bisogna ricordare infatti che i bambini tendono a guardare il mondo dal basso verso l\u2019alto e dobbiamo quindi assicuraci che non siano troppo piccoli.<\/p>\n<p>-La misura dell&#8217;occhiale deve considerare l&#8217;accrescimento naturale del viso e deve quindi prevedere 1-2 mm in eccesso.<\/p>\n<p>-Sono consigliate le montature in acetato con il ponte un po\u2019 pi\u00f9 basso del solito, che sia allineato al centro pupillare, in modo da tenere il centro pupillare in asse con l\u2019asse ottico della lente anche quando la morfologia della radice del naso sia meno pronunciata.<\/p>\n<p>&nbsp;<\/p>\n<p><em><strong>Occhiali Lookino<\/strong><\/em><\/p>\n<p>&nbsp;<\/p>\n<p>Pensando ai nostri clienti pi\u00f9 piccoli, l\u2019Ottica Malalan sposa il progetto di Lookkino, un marchio che offre ci\u00f2 che un bambino si aspetta: qualcosa di grande dietro un piccolo oggetto.<\/p>\n<p>L\u2019obiettivo di questo marchio 100% made in Italy \u00e8 stato quello di creare degli occhiali belli e colorati, capaci di garantire un ottimo comfort di calzata, e sopratutto comodit\u00e0. Il primo obiettivo \u00e8 stato proprio quello di ottenere un occhiale leggero, infatti alcuni modelli pesano meno di 8 grammi.<\/p>\n<p>Lookkino \u00e8 rispetto per il futuro dei bambini e presta innanzitutto cura e attenzione alla qualit\u00e0 dei materiali, assicurandosi che la montatura sia totalmente atossica e ipoallergenica, senza per\u00f2 rinunciare all\u2019estetica.<\/p>\n<p>Lookkino \u00e8 attenzione ai desideri dei pi\u00f9 piccoli e alla loro crescita!<\/p>\n\n\t\t<style type=\"text\/css\">\n\t\t\t#gallery-1 {\n\t\t\t\tmargin: auto;\n\t\t\t}\n\t\t\t#gallery-1 .gallery-item {\n\t\t\t\tfloat: left;\n\t\t\t\tmargin-top: 10px;\n\t\t\t\ttext-align: center;\n\t\t\t\twidth: 25%;\n\t\t\t}\n\t\t\t#gallery-1 img {\n\t\t\t\tborder: 2px solid #cfcfcf;\n\t\t\t}\n\t\t\t#gallery-1 .gallery-caption {\n\t\t\t\tmargin-left: 0;\n\t\t\t}\n\t\t\t\/* see gallery_shortcode() in wp-includes\/media.php *\/\n\t\t<\/style>\n\t\t<div id='gallery-1' class='gallery galleryid-449 gallery-columns-4 gallery-size-thumbnail'><dl class='gallery-item'>\n\t\t\t<dt class='gallery-icon portrait'>\n\t\t\t\t<a href='https:\/\/www.otticamalalan.it\/wp-content\/uploads\/2021\/02\/KK_1-scaled.jpg'><img loading=\"lazy\" decoding=\"async\" width=\"150\" height=\"150\" src=\"https:\/\/www.otticamalalan.it\/wp-content\/uploads\/2021\/02\/KK_1-150x150.jpg\" class=\"attachment-thumbnail size-thumbnail\" alt=\"\" \/><\/a>\n\t\t\t<\/dt><\/dl><dl class='gallery-item'>\n\t\t\t<dt class='gallery-icon portrait'>\n\t\t\t\t<a href='https:\/\/www.otticamalalan.it\/wp-content\/uploads\/2021\/02\/KK_2-scaled.jpg'><img loading=\"lazy\" decoding=\"async\" width=\"150\" height=\"150\" src=\"https:\/\/www.otticamalalan.it\/wp-content\/uploads\/2021\/02\/KK_2-150x150.jpg\" class=\"attachment-thumbnail size-thumbnail\" alt=\"\" \/><\/a>\n\t\t\t<\/dt><\/dl><dl class='gallery-item'>\n\t\t\t<dt class='gallery-icon portrait'>\n\t\t\t\t<a href='https:\/\/www.otticamalalan.it\/wp-content\/uploads\/2021\/02\/KK_4-scaled.jpg'><img loading=\"lazy\" decoding=\"async\" width=\"150\" height=\"150\" src=\"https:\/\/www.otticamalalan.it\/wp-content\/uploads\/2021\/02\/KK_4-150x150.jpg\" class=\"attachment-thumbnail size-thumbnail\" alt=\"\" \/><\/a>\n\t\t\t<\/dt><\/dl><dl class='gallery-item'>\n\t\t\t<dt class='gallery-icon portrait'>\n\t\t\t\t<a href='https:\/\/www.otticamalalan.it\/wp-content\/uploads\/2021\/02\/KK_5-scaled.jpg'><img loading=\"lazy\" decoding=\"async\" width=\"150\" height=\"150\" src=\"https:\/\/www.otticamalalan.it\/wp-content\/uploads\/2021\/02\/KK_5-150x150.jpg\" class=\"attachment-thumbnail size-thumbnail\" alt=\"\" \/><\/a>\n\t\t\t<\/dt><\/dl><br style=\"clear: both\" \/>\n\t\t<\/div>\n\n","protected":false},"excerpt":{"rendered":"<p>Arriva alle volte il momento per iniziare a portare gli occhiali; e quando questo accade in giovane et\u00e0 le esigenze sono diverse rispetto all\u2019et\u00e0 adulta. Gli occhiali per bambini richiedono delle caratteristiche particolari, sia estetiche che funzionali, con materiali che si prestino anche ai momenti di gioco e divertimento. Inoltre \u00e8 fondamentale poich\u00e9 parte integrante [&hellip;]<\/p>\n","protected":false},"author":1,"featured_media":451,"comment_status":"open","ping_status":"open","sticky":false,"template":"","format":"standard","meta":{"_acf_changed":false,"inline_featured_image":false,"footnotes":""},"categories":[10],"tags":[],"acf":[],"yoast_head":"<!-- This site is optimized with the Yoast SEO plugin v22.3 - https:\/\/yoast.com\/wordpress\/plugins\/seo\/ -->\n<title>Occhiali da bambino- A cosa dobbiamo stare attenti? - Malalan<\/title>\n<meta name=\"robots\" content=\"index, follow, max-snippet:-1, max-image-preview:large, max-video-preview:-1\" \/>\n<link rel=\"canonical\" href=\"https:\/\/www.otticamalalan.it\/2021\/02\/03\/otroska-ocala-na-kaj-moramo-biti-previdni\/\" \/>\n<meta property=\"og:locale\" content=\"it_IT\" \/>\n<meta property=\"og:type\" content=\"article\" \/>\n<meta property=\"og:title\" content=\"Occhiali da bambino- A cosa dobbiamo stare attenti? - Malalan\" \/>\n<meta property=\"og:description\" content=\"Arriva alle volte il momento per iniziare a portare gli occhiali; e quando questo accade in giovane et\u00e0 le esigenze sono diverse rispetto all\u2019et\u00e0 adulta. Gli occhiali per bambini richiedono delle caratteristiche particolari, sia estetiche che funzionali, con materiali che si prestino anche ai momenti di gioco e divertimento. Inoltre \u00e8 fondamentale poich\u00e9 parte integrante [&hellip;]\" \/>\n<meta property=\"og:url\" content=\"https:\/\/www.otticamalalan.it\/2021\/02\/03\/otroska-ocala-na-kaj-moramo-biti-previdni\/\" \/>\n<meta property=\"og:site_name\" content=\"Malalan\" \/>\n<meta property=\"article:published_time\" content=\"2021-02-03T10:03:21+00:00\" \/>\n<meta property=\"article:modified_time\" content=\"2021-04-16T14:28:09+00:00\" \/>\n<meta property=\"og:image\" content=\"https:\/\/www.otticamalalan.it\/wp-content\/uploads\/2021\/02\/KK_2-scaled.jpg\" \/>\n\t<meta property=\"og:image:width\" content=\"1707\" \/>\n\t<meta property=\"og:image:height\" content=\"2560\" \/>\n\t<meta property=\"og:image:type\" content=\"image\/jpeg\" \/>\n<meta name=\"author\" content=\"mlampret\" \/>\n<meta name=\"twitter:card\" content=\"summary_large_image\" \/>\n<meta name=\"twitter:label1\" content=\"Scritto da\" \/>\n\t<meta name=\"twitter:data1\" content=\"mlampret\" \/>\n\t<meta name=\"twitter:label2\" content=\"Tempo di lettura stimato\" \/>\n\t<meta name=\"twitter:data2\" content=\"2 minuti\" \/>\n<script type=\"application\/ld+json\" class=\"yoast-schema-graph\">{\"@context\":\"https:\/\/schema.org\",\"@graph\":[{\"@type\":\"WebPage\",\"@id\":\"https:\/\/www.otticamalalan.it\/2021\/02\/03\/otroska-ocala-na-kaj-moramo-biti-previdni\/\",\"url\":\"https:\/\/www.otticamalalan.it\/2021\/02\/03\/otroska-ocala-na-kaj-moramo-biti-previdni\/\",\"name\":\"Occhiali da bambino- A cosa dobbiamo stare attenti? - Malalan\",\"isPartOf\":{\"@id\":\"https:\/\/www.otticamalalan.it\/#website\"},\"primaryImageOfPage\":{\"@id\":\"https:\/\/www.otticamalalan.it\/2021\/02\/03\/otroska-ocala-na-kaj-moramo-biti-previdni\/#primaryimage\"},\"image\":{\"@id\":\"https:\/\/www.otticamalalan.it\/2021\/02\/03\/otroska-ocala-na-kaj-moramo-biti-previdni\/#primaryimage\"},\"thumbnailUrl\":\"https:\/\/www.otticamalalan.it\/wp-content\/uploads\/2021\/02\/KK_2-scaled.jpg\",\"datePublished\":\"2021-02-03T10:03:21+00:00\",\"dateModified\":\"2021-04-16T14:28:09+00:00\",\"author\":{\"@id\":\"https:\/\/www.otticamalalan.it\/#\/schema\/person\/bd7a735d9bbc64a2a1598b551db8cf00\"},\"breadcrumb\":{\"@id\":\"https:\/\/www.otticamalalan.it\/2021\/02\/03\/otroska-ocala-na-kaj-moramo-biti-previdni\/#breadcrumb\"},\"inLanguage\":\"it-IT\",\"potentialAction\":[{\"@type\":\"ReadAction\",\"target\":[\"https:\/\/www.otticamalalan.it\/2021\/02\/03\/otroska-ocala-na-kaj-moramo-biti-previdni\/\"]}]},{\"@type\":\"ImageObject\",\"inLanguage\":\"it-IT\",\"@id\":\"https:\/\/www.otticamalalan.it\/2021\/02\/03\/otroska-ocala-na-kaj-moramo-biti-previdni\/#primaryimage\",\"url\":\"https:\/\/www.otticamalalan.it\/wp-content\/uploads\/2021\/02\/KK_2-scaled.jpg\",\"contentUrl\":\"https:\/\/www.otticamalalan.it\/wp-content\/uploads\/2021\/02\/KK_2-scaled.jpg\",\"width\":1707,\"height\":2560},{\"@type\":\"BreadcrumbList\",\"@id\":\"https:\/\/www.otticamalalan.it\/2021\/02\/03\/otroska-ocala-na-kaj-moramo-biti-previdni\/#breadcrumb\",\"itemListElement\":[{\"@type\":\"ListItem\",\"position\":1,\"name\":\"Home\",\"item\":\"https:\/\/www.otticamalalan.it\/it\/\"},{\"@type\":\"ListItem\",\"position\":2,\"name\":\"Occhiali da bambino- A cosa dobbiamo stare attenti?\"}]},{\"@type\":\"WebSite\",\"@id\":\"https:\/\/www.otticamalalan.it\/#website\",\"url\":\"https:\/\/www.otticamalalan.it\/\",\"name\":\"Malalan\",\"description\":\"Dobrodo\u0161li!\",\"potentialAction\":[{\"@type\":\"SearchAction\",\"target\":{\"@type\":\"EntryPoint\",\"urlTemplate\":\"https:\/\/www.otticamalalan.it\/?s={search_term_string}\"},\"query-input\":\"required name=search_term_string\"}],\"inLanguage\":\"it-IT\"},{\"@type\":\"Person\",\"@id\":\"https:\/\/www.otticamalalan.it\/#\/schema\/person\/bd7a735d9bbc64a2a1598b551db8cf00\",\"name\":\"mlampret\",\"image\":{\"@type\":\"ImageObject\",\"inLanguage\":\"it-IT\",\"@id\":\"https:\/\/www.otticamalalan.it\/#\/schema\/person\/image\/\",\"url\":\"https:\/\/secure.gravatar.com\/avatar\/bb8cb0235dd181e9e307d0db36eb00d1?s=96&d=mm&r=g\",\"contentUrl\":\"https:\/\/secure.gravatar.com\/avatar\/bb8cb0235dd181e9e307d0db36eb00d1?s=96&d=mm&r=g\",\"caption\":\"mlampret\"},\"sameAs\":[\"https:\/\/www.otticamalalan.it\"],\"url\":\"https:\/\/www.otticamalalan.it\/it\/author\/mlampret\/\"}]}<\/script>\n<!-- \/ Yoast SEO plugin. -->","yoast_head_json":{"title":"Occhiali da bambino- A cosa dobbiamo stare attenti? - Malalan","robots":{"index":"index","follow":"follow","max-snippet":"max-snippet:-1","max-image-preview":"max-image-preview:large","max-video-preview":"max-video-preview:-1"},"canonical":"https:\/\/www.otticamalalan.it\/2021\/02\/03\/otroska-ocala-na-kaj-moramo-biti-previdni\/","og_locale":"it_IT","og_type":"article","og_title":"Occhiali da bambino- A cosa dobbiamo stare attenti? - Malalan","og_description":"Arriva alle volte il momento per iniziare a portare gli occhiali; e quando questo accade in giovane et\u00e0 le esigenze sono diverse rispetto all\u2019et\u00e0 adulta. Gli occhiali per bambini richiedono delle caratteristiche particolari, sia estetiche che funzionali, con materiali che si prestino anche ai momenti di gioco e divertimento. Inoltre \u00e8 fondamentale poich\u00e9 parte integrante [&hellip;]","og_url":"https:\/\/www.otticamalalan.it\/2021\/02\/03\/otroska-ocala-na-kaj-moramo-biti-previdni\/","og_site_name":"Malalan","article_published_time":"2021-02-03T10:03:21+00:00","article_modified_time":"2021-04-16T14:28:09+00:00","og_image":[{"width":1707,"height":2560,"url":"https:\/\/www.otticamalalan.it\/wp-content\/uploads\/2021\/02\/KK_2-scaled.jpg","type":"image\/jpeg"}],"author":"mlampret","twitter_card":"summary_large_image","twitter_misc":{"Scritto da":"mlampret","Tempo di lettura stimato":"2 minuti"},"schema":{"@context":"https:\/\/schema.org","@graph":[{"@type":"WebPage","@id":"https:\/\/www.otticamalalan.it\/2021\/02\/03\/otroska-ocala-na-kaj-moramo-biti-previdni\/","url":"https:\/\/www.otticamalalan.it\/2021\/02\/03\/otroska-ocala-na-kaj-moramo-biti-previdni\/","name":"Occhiali da bambino- A cosa dobbiamo stare attenti? - Malalan","isPartOf":{"@id":"https:\/\/www.otticamalalan.it\/#website"},"primaryImageOfPage":{"@id":"https:\/\/www.otticamalalan.it\/2021\/02\/03\/otroska-ocala-na-kaj-moramo-biti-previdni\/#primaryimage"},"image":{"@id":"https:\/\/www.otticamalalan.it\/2021\/02\/03\/otroska-ocala-na-kaj-moramo-biti-previdni\/#primaryimage"},"thumbnailUrl":"https:\/\/www.otticamalalan.it\/wp-content\/uploads\/2021\/02\/KK_2-scaled.jpg","datePublished":"2021-02-03T10:03:21+00:00","dateModified":"2021-04-16T14:28:09+00:00","author":{"@id":"https:\/\/www.otticamalalan.it\/#\/schema\/person\/bd7a735d9bbc64a2a1598b551db8cf00"},"breadcrumb":{"@id":"https:\/\/www.otticamalalan.it\/2021\/02\/03\/otroska-ocala-na-kaj-moramo-biti-previdni\/#breadcrumb"},"inLanguage":"it-IT","potentialAction":[{"@type":"ReadAction","target":["https:\/\/www.otticamalalan.it\/2021\/02\/03\/otroska-ocala-na-kaj-moramo-biti-previdni\/"]}]},{"@type":"ImageObject","inLanguage":"it-IT","@id":"https:\/\/www.otticamalalan.it\/2021\/02\/03\/otroska-ocala-na-kaj-moramo-biti-previdni\/#primaryimage","url":"https:\/\/www.otticamalalan.it\/wp-content\/uploads\/2021\/02\/KK_2-scaled.jpg","contentUrl":"https:\/\/www.otticamalalan.it\/wp-content\/uploads\/2021\/02\/KK_2-scaled.jpg","width":1707,"height":2560},{"@type":"BreadcrumbList","@id":"https:\/\/www.otticamalalan.it\/2021\/02\/03\/otroska-ocala-na-kaj-moramo-biti-previdni\/#breadcrumb","itemListElement":[{"@type":"ListItem","position":1,"name":"Home","item":"https:\/\/www.otticamalalan.it\/it\/"},{"@type":"ListItem","position":2,"name":"Occhiali da bambino- A cosa dobbiamo stare attenti?"}]},{"@type":"WebSite","@id":"https:\/\/www.otticamalalan.it\/#website","url":"https:\/\/www.otticamalalan.it\/","name":"Malalan","description":"Dobrodo\u0161li!","potentialAction":[{"@type":"SearchAction","target":{"@type":"EntryPoint","urlTemplate":"https:\/\/www.otticamalalan.it\/?s={search_term_string}"},"query-input":"required name=search_term_string"}],"inLanguage":"it-IT"},{"@type":"Person","@id":"https:\/\/www.otticamalalan.it\/#\/schema\/person\/bd7a735d9bbc64a2a1598b551db8cf00","name":"mlampret","image":{"@type":"ImageObject","inLanguage":"it-IT","@id":"https:\/\/www.otticamalalan.it\/#\/schema\/person\/image\/","url":"https:\/\/secure.gravatar.com\/avatar\/bb8cb0235dd181e9e307d0db36eb00d1?s=96&d=mm&r=g","contentUrl":"https:\/\/secure.gravatar.com\/avatar\/bb8cb0235dd181e9e307d0db36eb00d1?s=96&d=mm&r=g","caption":"mlampret"},"sameAs":["https:\/\/www.otticamalalan.it"],"url":"https:\/\/www.otticamalalan.it\/it\/author\/mlampret\/"}]}},"_links":{"self":[{"href":"https:\/\/www.otticamalalan.it\/it\/wp-json\/wp\/v2\/posts\/449"}],"collection":[{"href":"https:\/\/www.otticamalalan.it\/it\/wp-json\/wp\/v2\/posts"}],"about":[{"href":"https:\/\/www.otticamalalan.it\/it\/wp-json\/wp\/v2\/types\/post"}],"author":[{"embeddable":true,"href":"https:\/\/www.otticamalalan.it\/it\/wp-json\/wp\/v2\/users\/1"}],"replies":[{"embeddable":true,"href":"https:\/\/www.otticamalalan.it\/it\/wp-json\/wp\/v2\/comments?post=449"}],"version-history":[{"count":2,"href":"https:\/\/www.otticamalalan.it\/it\/wp-json\/wp\/v2\/posts\/449\/revisions"}],"predecessor-version":[{"id":602,"href":"https:\/\/www.otticamalalan.it\/it\/wp-json\/wp\/v2\/posts\/449\/revisions\/602"}],"wp:featuredmedia":[{"embeddable":true,"href":"https:\/\/www.otticamalalan.it\/it\/wp-json\/wp\/v2\/media\/451"}],"wp:attachment":[{"href":"https:\/\/www.otticamalalan.it\/it\/wp-json\/wp\/v2\/media?parent=449"}],"wp:term":[{"taxonomy":"category","embeddable":true,"href":"https:\/\/www.otticamalalan.it\/it\/wp-json\/wp\/v2\/categories?post=449"},{"taxonomy":"post_tag","embeddable":true,"href":"https:\/\/www.otticamalalan.it\/it\/wp-json\/wp\/v2\/tags?post=449"}],"curies":[{"name":"wp","href":"https:\/\/api.w.org\/{rel}","templated":true}]}}